[{"@context":"https:\/\/schema.org\/","@type":"Article","@id":"https:\/\/www.i-eps.cz\/krasne-oznameni-vasi-svatby\/#Article","mainEntityOfPage":"https:\/\/www.i-eps.cz\/krasne-oznameni-vasi-svatby\/","headline":"Kr\u00e1sn\u00e9 ozn\u00e1men\u00ed va\u0161\u00ed svatby","name":"Kr\u00e1sn\u00e9 ozn\u00e1men\u00ed va\u0161\u00ed svatby","description":"Dejte si z\u00e1le\u017eet na ozn\u00e1men\u00ed Svatebn\u00ed ozn\u00e1men\u00ed je prvn\u00ed v\u011bc, kterou budouc\u00ed man\u017eel\u00e9 za\u0159izuj\u00ed. V\u0161em se d\u00e1v\u00e1 v\u011bd\u011bt, \u017ee se tito dva lid\u00e9 rozhodli z\u016fstat spolu a\u017e do konce \u017eivota a proto by m\u011blo ozn\u00e1men\u00ed vypadat kr\u00e1sn\u011b. My v\u00e1m vyrob\u00edme ozn\u00e1men\u00ed podle va\u0161ich p\u0159edstav. Ozn\u00e1men\u00ed jako z poh\u00e1dky Svatebn\u00ed ozn\u00e1men\u00edse vyb\u00edr\u00e1 jen jedno, a proto &hellip; ","datePublished":"2025-05-02","dateModified":"2025-05-02","author":{"@type":"Person","@id":"https:\/\/www.i-eps.cz\/author\/#Person","name":"","url":"https:\/\/www.i-eps.cz\/author\/","identifier":1,"image":{"@type":"ImageObject","@id":"https:\/\/secure.gravatar.com\/avatar\/0412c3dad30f33fa104fa4f87b3ce5af9aea5f3e20fa015d071a3573d325a5fc?s=96&d=mm&r=g","url":"https:\/\/secure.gravatar.com\/avatar\/0412c3dad30f33fa104fa4f87b3ce5af9aea5f3e20fa015d071a3573d325a5fc?s=96&d=mm&r=g","height":96,"width":96}},"publisher":{"@type":"Organization","name":"i-eps.cz","logo":{"@type":"ImageObject","@id":"\/logo.png","url":"\/logo.png","width":600,"height":60}},"url":"https:\/\/www.i-eps.cz\/krasne-oznameni-vasi-svatby\/","wordCount":211,"articleBody":" Dejte si z\u00e1le\u017eet na ozn\u00e1men\u00ed Svatebn\u00ed ozn\u00e1men\u00ed je prvn\u00ed v\u011bc, kterou budouc\u00ed man\u017eel\u00e9 za\u0159izuj\u00ed. V\u0161em se d\u00e1v\u00e1 v\u011bd\u011bt, \u017ee se tito dva lid\u00e9 rozhodli z\u016fstat spolu a\u017e do konce \u017eivota a proto by m\u011blo ozn\u00e1men\u00ed vypadat kr\u00e1sn\u011b. My v\u00e1m vyrob\u00edme ozn\u00e1men\u00ed podle va\u0161ich p\u0159edstav. Ozn\u00e1men\u00ed jako z poh\u00e1dky Svatebn\u00ed ozn\u00e1men\u00edse vyb\u00edr\u00e1 jen jedno, a proto byste jeho v\u00fdb\u011br nem\u011bli usp\u011bchat. Svatbu za\u010dn\u011bte pl\u00e1novat s dostate\u010dn\u00fdm p\u0159edstihem, proto\u017ee i zd\u00e1nliv\u00e1 mali\u010dkost, jako je ozn\u00e1men\u00ed, zabere spoustu \u010dasu. Je t\u0159eba vybrat takov\u00e9, kter\u00e9 nejl\u00e9pe vystihuje oba snoubence a jejich budouc\u00ed svatbu. Pokud chyst\u00e1te ok\u00e1zalej\u0161\u00ed svatbu, vyberte si podobn\u00e9 ozn\u00e1men\u00ed. Jestli budete m\u00edt sp\u00ed\u0161e skromn\u011bj\u0161\u00ed svatbu, vyberte si jemn\u011bj\u0161\u00ed p\u0159\u00e1n\u00ed s jednodu\u0161\u0161\u00edm textem a zdoben\u00edm. Krom\u011b ozn\u00e1men\u00ed u n\u00e1s se\u017eenete i dal\u0161\u00ed dekorace na svatebn\u00ed den, jako je menu \u010di jmenovka. Kr\u00e1sn\u00e1 pam\u00e1tka V\u0161echna svatebn\u00ed ozn\u00e1men\u00ed si lid\u00e9 schov\u00e1vaj\u00ed na pam\u00e1tku, proto by m\u011blo b\u00fdt hezk\u00e9 a s p\u011bkn\u00fdm textem.                                                                                                                                                                                                                                                                                                                                                                                                "},{"@context":"https:\/\/schema.org\/","@type":"BreadcrumbList","itemListElement":[{"@type":"ListItem","position":1,"name":"Kr\u00e1sn\u00e9 ozn\u00e1men\u00ed va\u0161\u00ed svatby","item":"https:\/\/www.i-eps.cz\/krasne-oznameni-vasi-svatby\/#breadcrumbitem"}]}]