[{"@context":"https:\/\/schema.org\/","@type":"Article","@id":"https:\/\/www.i-eps.cz\/ohleduplne-a-usporne\/#Article","mainEntityOfPage":"https:\/\/www.i-eps.cz\/ohleduplne-a-usporne\/","headline":"Ohledupln\u011b a \u00fasporn\u011b","name":"Ohledupln\u011b a \u00fasporn\u011b","description":"V dob\u011b, kdy ekologie a ochrana p\u0159\u00edrody, nen\u00ed jen opom\u00edjenou volno\u010dasovou z\u00e1bavou skupin nad\u0161enc\u016f, kte\u0159\u00ed vid\u011bli za roh, ale st\u00e1v\u00e1 se sou\u010d\u00e1st\u00ed, jednak b\u011b\u017en\u00e9ho denn\u00edho \u017eivota, ale ovliv\u0148uje i ekonomiku a politiku v cel\u00e9m civilizovan\u00e9m sv\u011bt\u011b. V dob\u011b, kdy Evropsk\u00e1 Unie propaguje ekologickou tezi Green deal a st\u00e1ty, firmy a dnes i soukrom\u00e9 dom\u00e1cnost\u00ed, jsou &hellip; ","datePublished":"2022-03-12","dateModified":"2024-02-01","author":{"@type":"Person","@id":"https:\/\/www.i-eps.cz\/author\/#Person","name":"","url":"https:\/\/www.i-eps.cz\/author\/","identifier":1,"image":{"@type":"ImageObject","@id":"https:\/\/secure.gravatar.com\/avatar\/0412c3dad30f33fa104fa4f87b3ce5af9aea5f3e20fa015d071a3573d325a5fc?s=96&d=mm&r=g","url":"https:\/\/secure.gravatar.com\/avatar\/0412c3dad30f33fa104fa4f87b3ce5af9aea5f3e20fa015d071a3573d325a5fc?s=96&d=mm&r=g","height":96,"width":96}},"publisher":{"@type":"Organization","name":"i-eps.cz","logo":{"@type":"ImageObject","@id":"\/logo.png","url":"\/logo.png","width":600,"height":60}},"image":{"@type":"ImageObject","@id":"https:\/\/www.i-eps.cz\/wp-content\/uploads\/sol%C3%A1rn%C3%AD%20panely_10_3.jpg","url":"https:\/\/www.i-eps.cz\/wp-content\/uploads\/sol%C3%A1rn%C3%AD%20panely_10_3.jpg","height":0,"width":0},"url":"https:\/\/www.i-eps.cz\/ohleduplne-a-usporne\/","about":["N\u00e1kupy"],"wordCount":431,"articleBody":"   V dob\u011b, kdy ekologie a ochrana p\u0159\u00edrody, nen\u00ed jen opom\u00edjenou volno\u010dasovou z\u00e1bavou skupin nad\u0161enc\u016f, kte\u0159\u00ed vid\u011bli za roh, ale st\u00e1v\u00e1 se sou\u010d\u00e1st\u00ed, jednak b\u011b\u017en\u00e9ho denn\u00edho \u017eivota, ale ovliv\u0148uje i ekonomiku a politiku v cel\u00e9m civilizovan\u00e9m sv\u011bt\u011b. V dob\u011b, kdy Evropsk\u00e1 Unie propaguje ekologickou tezi Green deal a st\u00e1ty, firmy a dnes i soukrom\u00e9 dom\u00e1cnost\u00ed, jsou pod kuratelou finan\u010dn\u00edch sankc\u00ed v podob\u011b povolenek a pokut, za zne\u010di\u0161\u0165ov\u00e1n\u00ed ovzdu\u0161\u00ed. Pov\u011bdom\u00ed o ochran\u011b \u017eivotn\u00edho prost\u0159ed\u00ed a klimatu, v souvislosti se sklen\u00edkov\u00fdm efektem, nad na\u0161\u00ed mati\u010dkou zem\u00ed, zp\u016fsobilo velk\u00fd posun v my\u0161len\u00ed a v dne\u0161n\u00edm vid\u011bn\u00ed sv\u011bta, pokud chce ob\u010dan m\u00edt ve spole\u010dnosti kredit a pov\u011bst \u010dlov\u011bka, kter\u00fd nen\u00ed lhostejn\u00fd k okol\u00ed, ani k lidem, p\u0159inejmen\u0161\u00edm mus\u00ed sledovat tyto trendy a nejl\u00e9pe pokud je zapoj\u00ed do sv\u00e9ho ka\u017edodenn\u00edho \u017eivota. Nutno podotknout, \u017ee nemalou \u010d\u00e1st z pen\u011bz, z\u00edskan\u00fdch za platby povolenek a poplatk\u016f za zne\u010di\u0161t\u011bn\u00ed, se vrac\u00ed do ekologick\u00fdch projekt\u016f men\u0161\u00edch rozm\u011br\u016f, vhodn\u00fdch pro dom\u00e1cnosti a men\u0161\u00ed provozy. Pen\u00edze pom\u00e1haj\u00ed rozvoji, t\u011bchto projekt\u016f, pomoc\u00ed finan\u010dn\u00edch pob\u00eddek a dotac\u00ed. Jednou z mnoha mo\u017enost\u00ed, ale co do v\u00fdznamu jednou z nejd\u016fle\u017eit\u011bj\u0161\u00edch, je p\u0159em\u011bna slune\u010dn\u00ed energie, v energii elektrickou neboli FTV (fotovoltaick\u00e1 elektr\u00e1rna). Je t\u0159eba se zm\u00ednit, \u017ee nejen finan\u010dn\u00ed n\u00e1ro\u010dnost, je\u0161t\u011b ned\u00e1vno br\u00e1nila \u0161ir\u0161\u00edmu rozvoji mal\u00fdch FTV elektr\u00e1ren a tzv. ostrovn\u00edch p\u0159ipojen\u00ed., ale i chyb\u011bj\u00edc\u00ed legislativa a v mnoha sm\u011brech sp\u00ed\u0161 kontraproduktivn\u00ed a sp\u00ed\u0161e rozvoji t\u011bchto za\u0159\u00edzen\u00ed br\u00e1nila, ne\u017e aby je podporovala.V p\u0159\u00edpad\u011b va\u0161eho z\u00e1jmu o vybudov\u00e1ni va\u0161\u00ed vlastn\u00ed FTV elektr\u00e1rny, naleznete odpov\u011bdi na va\u0161e ot\u00e1zky na na\u0161ich webov\u00fdch str\u00e1nk\u00e1ch, jejich\u017e odkaz naleznete na na\u0161em webu. Na\u0161e spole\u010dnost fotovoltaick\u00e9 elektr\u00e1rny Brno, v\u00e1m bude r\u00e1dcem a pr\u016fvodcem od va\u0161eho prvn\u00edho ideov\u00e9ho rozhodnut\u00ed o zbudov\u00e1n\u00ed FTV elektr\u00e1rny, p\u0159es vyprojektov\u00e1n\u00ed, nalezen\u00ed nejvhodn\u011bj\u0161\u00edho financov\u00e1n\u00ed a samotnou realizaci, v\u010detn\u011b legislativn\u00edch z\u00e1le\u017eitost\u00ed, ke spr\u00e1vn\u00e9mu a leg\u00e1ln\u00edmu chodu, va\u0161\u00ed FTV elektr\u00e1rny. Budeme se t\u011b\u0161it na spole\u010dn\u00e9 realizace FTV elektr\u00e1ren.                                                                                                                                                                                                                                                                                                                                                                                          4.2\/5 - (5 votes)        "},{"@context":"https:\/\/schema.org\/","@type":"BreadcrumbList","itemListElement":[{"@type":"ListItem","position":1,"name":"Ohledupln\u011b a \u00fasporn\u011b","item":"https:\/\/www.i-eps.cz\/ohleduplne-a-usporne\/#breadcrumbitem"}]}]