[{"@context":"https:\/\/schema.org\/","@type":"Article","@id":"https:\/\/www.i-eps.cz\/traktory-jsou-i-pro-legraci\/#Article","mainEntityOfPage":"https:\/\/www.i-eps.cz\/traktory-jsou-i-pro-legraci\/","headline":"Traktory jsou i pro legraci","name":"Traktory jsou i pro legraci","description":"Pokud si my lid\u00e9 s\u00a0n\u011b\u010d\u00edm spojujeme traktory, pak obvykle s\u00a0prac\u00ed n\u011bkde na poli nebo v jin\u00e9 zem\u011bd\u011blsk\u00e9 oblasti, p\u0159\u00edpadn\u011b v\u00a0lese. Tam v\u0161ude jsou traktory lidem prosp\u011b\u0161n\u00e9, tam v\u0161ude pom\u00e1haj\u00ed s\u00a0t\u011b\u017ekou prac\u00ed a jsou p\u0159\u00ednosem. Ov\u0161em traktory nejsou zjevn\u011b jenom k\u00a0tomu, aby za lidi ud\u011blaly to, na co si lid\u00e9 sami netroufnou, co sv\u00fdmi silami nezvl\u00e1dnou &hellip; ","datePublished":"2022-05-23","dateModified":"2023-05-03","author":{"@type":"Person","@id":"https:\/\/www.i-eps.cz\/author\/#Person","name":"","url":"https:\/\/www.i-eps.cz\/author\/","identifier":1,"image":{"@type":"ImageObject","@id":"https:\/\/secure.gravatar.com\/avatar\/0412c3dad30f33fa104fa4f87b3ce5af9aea5f3e20fa015d071a3573d325a5fc?s=96&d=mm&r=g","url":"https:\/\/secure.gravatar.com\/avatar\/0412c3dad30f33fa104fa4f87b3ce5af9aea5f3e20fa015d071a3573d325a5fc?s=96&d=mm&r=g","height":96,"width":96}},"publisher":{"@type":"Organization","name":"i-eps.cz","logo":{"@type":"ImageObject","@id":"\/logo.png","url":"\/logo.png","width":600,"height":60}},"image":{"@type":"ImageObject","@id":"https:\/\/www.i-eps.cz\/wp-content\/uploads\/orba%20traktorem.jpg","url":"https:\/\/www.i-eps.cz\/wp-content\/uploads\/orba%20traktorem.jpg","height":0,"width":0},"url":"https:\/\/www.i-eps.cz\/traktory-jsou-i-pro-legraci\/","about":["Cestov\u00e1n\u00ed"],"wordCount":403,"articleBody":"Pokud si my lid\u00e9 s\u00a0n\u011b\u010d\u00edm spojujeme traktory, pak obvykle s\u00a0prac\u00ed n\u011bkde na poli nebo v jin\u00e9 zem\u011bd\u011blsk\u00e9 oblasti, p\u0159\u00edpadn\u011b v\u00a0lese. Tam v\u0161ude jsou traktory lidem prosp\u011b\u0161n\u00e9, tam v\u0161ude pom\u00e1haj\u00ed s\u00a0t\u011b\u017ekou prac\u00ed a jsou p\u0159\u00ednosem.Ov\u0161em traktory nejsou zjevn\u011b jenom k\u00a0tomu, aby za lidi ud\u011blaly to, na co si lid\u00e9 sami netroufnou, co sv\u00fdmi silami nezvl\u00e1dnou nebo by to byla zbyte\u010dn\u00e1 d\u0159ina. Traktory tu mohou b\u00fdt t\u0159eba i pro obveselen\u00ed lid\u00ed.\u017de nev\u00edte, co je na traktorech tak komick\u00e9ho, \u017ee nech\u00e1pete, jak by tyto mohly lidi bavit? Pak jste ur\u010dit\u011b je\u0161t\u011b nebyli v\u00a0jiho\u010desk\u00e9 Horn\u00ed Plan\u00e9 v dob\u011b, kdy tady prob\u00edhala Traktori\u00e1da. Co\u017e je pr\u00e1v\u011b m\u00edstn\u00ed kulturn\u00ed nebo aspo\u0148 r\u00e1doby kulturn\u00ed ud\u00e1lost, kter\u00e1 m\u00e1 za \u00fa\u010del pobavit ve\u0159ejnost, a to pr\u00e1v\u011b s\u00a0vyu\u017eit\u00edm traktor\u016f.Na h\u0159i\u0161ti Dobr\u00e1 Voda v Horn\u00ed Plan\u00e9 si to spolu rozd\u00e1vaj\u00ed jednak traktory tov\u00e1rn\u00ed a jednak ty doma vyroben\u00e9. A rozd\u00e1vaj\u00ed si to pochopiteln\u011b ve v\u0161\u00ed slu\u0161nosti, nem\u00e1m t\u00edm na mysli, \u017ee by snad spolu tato zem\u011bd\u011blsk\u00e1 technika m\u011bla techtle nebo dokonce mechtle.Takov\u00e9 traktory tu pln\u00ed se sv\u00fdmi majiteli na trati nejr\u016fzn\u011bj\u0161\u00ed \u00fakoly, od spanil\u00e9 j\u00edzdy a sezn\u00e1men\u00ed se s\u00a0trat\u00ed a\u017e po sout\u011b\u017en\u00ed j\u00edzdy, a jde o akci, kter\u00e1 se t\u011b\u0161\u00ed skute\u010dn\u011b velk\u00e9mu z\u00e1jmu publika. Plus tu jsou i dal\u0161\u00ed akce jako sk\u00e1kac\u00ed hrad a op\u00e9k\u00e1n\u00ed bu\u0159t\u00edk\u016f pro d\u011bti, uk\u00e1zky akrobatick\u00e9 j\u00edzdy p\u0159es p\u0159ek\u00e1\u017eky na kolech \u010di tane\u010dn\u00ed z\u00e1bava.Pokud se tu chcete pobavit um\u011bn\u00edm traktorist\u016f v\u0161ech v\u011bkov\u00fdch kategori\u00ed i vy, klidn\u011b se tu zastavte. A to klidn\u011b i na v\u00edce ne\u017e onen jeden den, kdy akce prob\u00edh\u00e1, proto\u017ee na rozd\u00edl od minulosti u\u017e nen\u00ed probl\u00e9m se v\u00a0Horn\u00ed Plan\u00e9 ubytovat. A pokud jste majiteli traktoru a cht\u011bli byste se tak\u00e9 aktivn\u011b z\u00fa\u010dastnit, klidn\u011b se v\u00a0infocentru, telefonicky nebo e-mailem p\u0159ihlaste. Ale v\u00a0tom p\u0159\u00edpad\u011b si opravdu posp\u011b\u0161te. Proto\u017ee se nejbli\u017e\u0161\u00ed Traktori\u00e1da kon\u00e1 u\u017e sedmadvac\u00e1t\u00e9ho srpna. Tedy za pouh\u00fdch p\u00e1r dn\u00ed.                                                                                                                                                                                                                                                                                                                                                                                        4.3\/5 - (13 votes)        "},{"@context":"https:\/\/schema.org\/","@type":"BreadcrumbList","itemListElement":[{"@type":"ListItem","position":1,"name":"Traktory jsou i pro legraci","item":"https:\/\/www.i-eps.cz\/traktory-jsou-i-pro-legraci\/#breadcrumbitem"}]}]