[{"@context":"https:\/\/schema.org\/","@type":"Article","@id":"https:\/\/www.i-eps.cz\/verte-nemluvime-jen-tak-do-vetru\/#Article","mainEntityOfPage":"https:\/\/www.i-eps.cz\/verte-nemluvime-jen-tak-do-vetru\/","headline":"V\u011b\u0159te, nemluv\u00edme jen tak do v\u011btru","name":"V\u011b\u0159te, nemluv\u00edme jen tak do v\u011btru","description":"Co je kr\u00e1sn\u011bj\u0161\u00edho, ne\u017e sv\u011btle zelen\u00e9 jarn\u00ed l\u00edstky strom\u016f, t\u0159epetaj\u00edc\u00ed se v p\u0159\u00edjemn\u00e9m v\u00e1nku pod prvn\u00edm jarn\u00edm Slun\u00ed\u010dkem. Ladn\u011b se vln\u00edc\u00ed st\u00e9bla tr\u00e1vy na barevn\u00e9, letn\u011b rozkvetl\u00e9 louce. Tyto p\u0159\u00edrodn\u00ed \u00fakazy v\u017edy upoutaj\u00ed pozornost ka\u017ed\u00e9ho oka. Ka\u017ed\u00fd m\u00e1 v sob\u011b ur\u010ditou kr\u00e1su a proto je r\u00e1d, kdy\u017e tak\u00e9 jeho oko spo\u010dine na n\u011b\u010dem kr\u00e1sn\u00e9m. Stejn\u011b &hellip; ","datePublished":"2025-04-23","dateModified":"2025-04-23","author":{"@type":"Person","@id":"https:\/\/www.i-eps.cz\/author\/#Person","name":"","url":"https:\/\/www.i-eps.cz\/author\/","identifier":1,"image":{"@type":"ImageObject","@id":"https:\/\/secure.gravatar.com\/avatar\/0412c3dad30f33fa104fa4f87b3ce5af9aea5f3e20fa015d071a3573d325a5fc?s=96&d=mm&r=g","url":"https:\/\/secure.gravatar.com\/avatar\/0412c3dad30f33fa104fa4f87b3ce5af9aea5f3e20fa015d071a3573d325a5fc?s=96&d=mm&r=g","height":96,"width":96}},"publisher":{"@type":"Organization","name":"i-eps.cz","logo":{"@type":"ImageObject","@id":"\/logo.png","url":"\/logo.png","width":600,"height":60}},"url":"https:\/\/www.i-eps.cz\/verte-nemluvime-jen-tak-do-vetru\/","wordCount":197,"articleBody":"Co je kr\u00e1sn\u011bj\u0161\u00edho, ne\u017e sv\u011btle zelen\u00e9 jarn\u00ed l\u00edstky strom\u016f, t\u0159epetaj\u00edc\u00ed se v p\u0159\u00edjemn\u00e9m v\u00e1nku pod prvn\u00edm jarn\u00edm Slun\u00ed\u010dkem. Ladn\u011b se vln\u00edc\u00ed st\u00e9bla tr\u00e1vy na barevn\u00e9, letn\u011b rozkvetl\u00e9 louce. Tyto p\u0159\u00edrodn\u00ed \u00fakazy v\u017edy upoutaj\u00ed pozornost ka\u017ed\u00e9ho oka. Ka\u017ed\u00fd m\u00e1 v sob\u011b ur\u010ditou kr\u00e1su a proto je r\u00e1d, kdy\u017e tak\u00e9 jeho oko spo\u010dine na n\u011b\u010dem kr\u00e1sn\u00e9m. Stejn\u011b tak p\u0159it\u00e1hnou pozornost ka\u017ed\u00e9ho ladn\u011b se vln\u00edc\u00ed reklamn\u00ed vlajky s logem Va\u0161\u00ed firmy. V\u00edtr rozn\u00e1\u0161\u00ed dobr\u00e9 zpr\u00e1vy Reklamn\u00ed vlajky, tetel\u00edc\u00ed se na p\u0159\u00edhodn\u00fdch m\u00edstech, p\u0159itahuj\u00edc\u00ed zraky kolemjdouc\u00edch \u010di okolojedouc\u00edch, jsou dobr\u00e1 zpr\u00e1va pro Va\u0161e u\u017eivatele \u010di z\u00e1kazn\u00edky Je to z\u0159eteln\u00e1 zpr\u00e1va, ano s n\u00e1mi jdete do sv\u011bta. S n\u00e1mi se v tomto sv\u011bt\u011b rozhodn\u011b nikdy a nikde neztrat\u00edte. S n\u00e1mi budete v\u017edy a v\u0161ude o krok nap\u0159ed p\u0159ed ostatn\u00edmi. M\u00e1te n\u011bkoho, na koho se m\u016f\u017eete v\u017edy spolehnout.                                                                                                                                                                                                                                                                                                                                                                                                "},{"@context":"https:\/\/schema.org\/","@type":"BreadcrumbList","itemListElement":[{"@type":"ListItem","position":1,"name":"V\u011b\u0159te, nemluv\u00edme jen tak do v\u011btru","item":"https:\/\/www.i-eps.cz\/verte-nemluvime-jen-tak-do-vetru\/#breadcrumbitem"}]}]